{"id":128892,"date":"2022-05-20T15:49:07","date_gmt":"2022-05-20T13:49:07","guid":{"rendered":"https:\/\/www.lesjardinsdesaintehildegarde.com\/?p=128892"},"modified":"2026-04-27T15:00:21","modified_gmt":"2026-04-27T13:00:21","slug":"du-1er-avril-au-30-septembre-et-du-17-octobre-au-31-octobre-2026-prolongation-de-lexposition-temporaire-soigner-au-moyen-age-selon-hildegarde-de-bingen","status":"publish","type":"post","link":"https:\/\/www.lesjardinsdesaintehildegarde.com\/en\/du-1er-avril-au-30-septembre-et-du-17-octobre-au-31-octobre-2026-prolongation-de-lexposition-temporaire-soigner-au-moyen-age-selon-hildegarde-de-bingen\/","title":{"rendered":"Du 1er avril au 30 septembre et du 17 octobre au 31 octobre 2026 &#8211; Prolongation de l&#8217;Exposition temporaire Soigner au Moyen-Age selon Hildegarde de Bingen"},"content":{"rendered":"<h1 style=\"text-align: center;\">Soigner au Moyen-Age selon Hildegarde de Bingen<\/h1>\n<h2 style=\"text-align: center;\">Prolongation<\/h2>\n<h2 style=\"text-align: center;\"><i>Du 1er avril au 30 septembre et du 17 octobre au 31 octobre 2026<\/i><\/h2>\n<h4 style=\"text-align: center;\"><span style=\"font-size: 14pt;\">Retrouvez des produits des Jardins de sainte Hildegarde en vente sur place<\/span><\/h4>\n<p style=\"text-align: center;\"><img loading=\"lazy\" decoding=\"async\" class=\"alignnone size-medium wp-image-128893\" src=\"https:\/\/www.lesjardinsdesaintehildegarde.com\/wp-content\/uploads\/2025\/03\/abbaye-de-bon-repos-300x243.png\" alt=\"\" width=\"300\" height=\"243\" srcset=\"https:\/\/www.lesjardinsdesaintehildegarde.com\/wp-content\/uploads\/2025\/03\/abbaye-de-bon-repos-300x243.png 300w, https:\/\/www.lesjardinsdesaintehildegarde.com\/wp-content\/uploads\/2025\/03\/abbaye-de-bon-repos-600x487.png 600w, https:\/\/www.lesjardinsdesaintehildegarde.com\/wp-content\/uploads\/2025\/03\/abbaye-de-bon-repos.png 762w\" sizes=\"auto, (max-width: 300px) 100vw, 300px\" \/><\/p>\n<h3 style=\"text-align: center;\"><i style=\"font-size: 16px;\">\u00a0<\/i><\/h3>\n<section class=\"l-section wpb_row height_small with_overlay\"><\/section>\n<p>&nbsp;<\/p>\n<div class=\"xdj266r x11i5rnm xat24cr x1mh8g0r x1vvkbs x126k92a\">\n<div dir=\"auto\"><span style=\"font-size: 14pt;\">D\u2019avril \u00e0 octobre, initiez-vous aux pr\u00e9ceptes de l\u2019abbesse le temps d\u2019un atelier en compagnie de sp\u00e9cialistes de sainte Hildegarde.<\/span><\/div>\n<div dir=\"auto\"><span style=\"font-size: 14pt;\">Ce cycle d\u2019animations est propos\u00e9 dans le cadre de l\u2019exposition Soigner au Moyen \u00c2ge selon Hildegarde de Bingen,<\/span><\/div>\n<\/div>\n<div class=\"x11i5rnm xat24cr x1mh8g0r x1vvkbs xtlvy1s x126k92a\">\n<div dir=\"auto\"><\/div>\n<\/div>\n<div class=\"x11i5rnm xat24cr x1mh8g0r x1vvkbs xtlvy1s x126k92a\">\n<div dir=\"auto\"><\/div>\n<div dir=\"auto\"><span style=\"font-size: 14pt;\">\u00c0 la fois visionnaire, m\u00e9decin, compositrice, musicienne, Hildegarde de Bingen (1098-1179) est une c\u00e9l\u00e8bre b\u00e9n\u00e9dictine allemande du Moyen \u00c2ge.<\/span><\/div>\n<\/div>\n<div class=\"x11i5rnm xat24cr x1mh8g0r x1vvkbs xtlvy1s x126k92a\">\n<div class=\"wpb_text_column\">\n<div class=\"wpb_wrapper\">\n<p><span style=\"font-size: 14pt;\">Longtemps m\u00e9connue du grand public, elle conna\u00eet aujourd\u2019hui une popularit\u00e9 grandissante notamment par ses rem\u00e8des de plantes ou ses compositions musicales.<\/span><\/p>\n<p><span style=\"font-size: 14pt;\">Comment cette femme visionnaire du Moyen \u00c2ge va-t-elle r\u00e9volutionner notre rapport \u00e0 la nature ? \u00e0 la sant\u00e9 ? Que reste-t-il de son h\u00e9ritage red\u00e9couvert il y a plus de 50 ans ?<\/span><\/p>\n<p><span style=\"font-size: 14pt;\">Con\u00e7ue par l\u2019association des Compagnons de l\u2019abbaye de Bon-Repos, cette exposition vous invite \u00e0 (re)d\u00e9couvrir cette femme hors norme.<\/span><\/p>\n<\/div>\n<\/div>\n<div class=\"g-cols wpb_row type_default valign_top vc_inner\">\n<div class=\"vc_col-sm-12 wpb_column vc_column_container\">\n<div class=\"vc_column-inner\">\n<div class=\"wpb_wrapper\">\n<div class=\"wpb_text_column\">\n<div class=\"wpb_wrapper\">\n<p>&nbsp;<\/p>\n<p style=\"text-align: center;\"><span style=\"font-size: 14pt;\"><strong>Visite guid\u00e9e de l\u2019exposition : 22, 29 juillet, 5, 12 et 19 ao\u00fbt \u00e0 14h30 \/ sur r\u00e9servation<\/strong><\/span><\/p>\n<p style=\"text-align: center;\"><span style=\"font-size: 14pt;\"><strong>Activit\u00e9 jeune public en autonomie : jeu de piste<em>\u00a0Les myst\u00e8res de Hildegarde<\/em><\/strong><\/span><\/p>\n<p style=\"text-align: center;\"><span style=\"font-size: 14pt;\"><strong>NOUVEAUT\u00c9 2026 : Catalogue de l\u2019exposition disponible en boutique !<\/strong><\/span><\/p>\n<\/div>\n<\/div>\n<\/div>\n<\/div>\n<\/div>\n<\/div>\n<\/div>\n<div dir=\"auto\" style=\"text-align: center;\"><span style=\"font-size: 14pt;\"><a href=\"https:\/\/www.youtube.com\/watch?v=y3RtK3YpHHk\" target=\"_blank\" rel=\"noopener\">Vid\u00e9o de pr\u00e9sentation<\/a><\/span><\/div>\n<div class=\"x11i5rnm xat24cr x1mh8g0r x1vvkbs xtlvy1s x126k92a\">\n<div dir=\"auto\"><\/div>\n<\/div>\n<div dir=\"auto\"><\/div>\n<div dir=\"auto\" style=\"text-align: center;\"><span style=\"font-size: 14pt;\">Plus d\u2019informations sur : <span class=\"html-span xdj266r x11i5rnm xat24cr x1mh8g0r xexx8yu x4uap5 x18d9i69 xkhd6sd x1hl2dhg x16tdsg8 x1vvkbs\"><a class=\"x1i10hfl xjbqb8w x1ejq31n xd10rxx x1sy0etr x17r0tee x972fbf xcfux6l x1qhh985 xm0m39n x9f619 x1ypdohk xt0psk2 xe8uvvx xdj266r x11i5rnm xat24cr x1mh8g0r xexx8yu x4uap5 x18d9i69 xkhd6sd x16tdsg8 x1hl2dhg xggy1nq x1a2a7pz xkrqix3 x1sur9pj x1fey0fg x1s688f\" tabindex=\"0\" role=\"link\" href=\"https:\/\/www.bon-repos.com\/expositions\/\" target=\"_blank\" rel=\"nofollow noopener noreferrer\">www.bon-repos.com\/evenements\/<\/a><\/span><\/span><\/div>\n<div dir=\"auto\"><\/div>\n<div dir=\"auto\" style=\"text-align: center;\"><span style=\"font-size: 14pt;\">Abbaye de Bon-Repos<\/span><br \/>\n<span style=\"font-size: 14pt;\">Saint-Gelven<\/span><br \/>\n<span style=\"font-size: 14pt;\">22570 Bon Repos Sur Blavet<\/span><br \/>\n<span style=\"font-size: 14pt;\">France<\/span><\/div>\n<div dir=\"auto\">\n<div class=\"w-contacts-item for_phone\" style=\"text-align: center;\"><span class=\"w-contacts-item-value\" style=\"font-size: 14pt;\">02 96 24 82 20<\/span><\/div>\n<div class=\"w-contacts-item for_email\" style=\"text-align: center;\"><span class=\"w-contacts-item-value\" style=\"font-size: 14pt;\"><a href=\"mailto:abbaye.bon-repos@wanadoo.fr\">abbaye.bon-repos@wanadoo.fr<\/a><\/span><\/div>\n<\/div>\n<h2 style=\"text-align: center;\"><img loading=\"lazy\" decoding=\"async\" class=\"alignnone size-medium wp-image-128900\" src=\"https:\/\/www.lesjardinsdesaintehildegarde.com\/wp-content\/uploads\/2025\/03\/abbaye-bon-repos-carte-300x289.png\" alt=\"\" width=\"300\" height=\"289\" srcset=\"https:\/\/www.lesjardinsdesaintehildegarde.com\/wp-content\/uploads\/2025\/03\/abbaye-bon-repos-carte-300x289.png 300w, https:\/\/www.lesjardinsdesaintehildegarde.com\/wp-content\/uploads\/2025\/03\/abbaye-bon-repos-carte.png 601w\" sizes=\"auto, (max-width: 300px) 100vw, 300px\" \/><\/h2>\n","protected":false},"excerpt":{"rendered":"<p>Soigner au Moyen-Age selon Hildegarde de Bingen Prolongation Du 1er avril au 30 septembre et du 17 octobre au 31 octobre 2026 Retrouvez des produits des Jardins de sainte Hildegarde en vente sur place \u00a0 &nbsp; D\u2019avril \u00e0 octobre, initiez-vous aux pr\u00e9ceptes de l\u2019abbesse le temps d\u2019un atelier en compagnie de sp\u00e9cialistes de sainte Hildegarde. [&hellip;]<\/p>\n","protected":false},"author":2,"featured_media":128903,"comment_status":"open","ping_status":"open","sticky":false,"template":"","format":"standard","meta":{"_acf_changed":false,"_relevanssi_hide_post":"","_relevanssi_hide_content":"","_relevanssi_pin_for_all":"","_relevanssi_pin_keywords":"","_relevanssi_unpin_keywords":"","_relevanssi_related_keywords":"","_relevanssi_related_include_ids":"","_relevanssi_related_exclude_ids":"","_relevanssi_related_no_append":"","_relevanssi_related_not_related":"","_relevanssi_related_posts":"","_relevanssi_noindex_reason":"","footnotes":""},"categories":[16,51],"tags":[],"type_evenement":[],"class_list":["post-128892","post","type-post","status-publish","format-standard","has-post-thumbnail","hentry","category-autres-evenements","category-evenements"],"acf":[],"yoast_head":"<!-- This site is optimized with the Yoast SEO plugin v27.4 - https:\/\/yoast.com\/product\/yoast-seo-wordpress\/ -->\n<title>Du 1er avril au 30 septembre et du 17 octobre au 31 octobre 2026 - Prolongation de l&#039;Exposition temporaire Soigner au Moyen-Age selon Hildegarde de Bingen - Les Jardins de Sainte-Hildegarde<\/title>\n<meta name=\"robots\" content=\"index, follow, max-snippet:-1, max-image-preview:large, max-video-preview:-1\" \/>\n<link rel=\"canonical\" href=\"https:\/\/www.lesjardinsdesaintehildegarde.com\/en\/du-1er-avril-au-30-septembre-et-du-17-octobre-au-31-octobre-2026-prolongation-de-lexposition-temporaire-soigner-au-moyen-age-selon-hildegarde-de-bingen\/\" \/>\n<meta property=\"og:locale\" content=\"en_US\" \/>\n<meta property=\"og:type\" content=\"article\" \/>\n<meta property=\"og:title\" content=\"Du 1er avril au 30 septembre et du 17 octobre au 31 octobre 2026 - Prolongation de l&#039;Exposition temporaire Soigner au Moyen-Age selon Hildegarde de Bingen - Les Jardins de Sainte-Hildegarde\" \/>\n<meta property=\"og:description\" content=\"Soigner au Moyen-Age selon Hildegarde de Bingen Prolongation Du 1er avril au 30 septembre et du 17 octobre au 31 octobre 2026 Retrouvez des produits des Jardins de sainte Hildegarde en vente sur place \u00a0 &nbsp; D\u2019avril \u00e0 octobre, initiez-vous aux pr\u00e9ceptes de l\u2019abbesse le temps d\u2019un atelier en compagnie de sp\u00e9cialistes de sainte Hildegarde. [&hellip;]\" \/>\n<meta property=\"og:url\" content=\"https:\/\/www.lesjardinsdesaintehildegarde.com\/en\/du-1er-avril-au-30-septembre-et-du-17-octobre-au-31-octobre-2026-prolongation-de-lexposition-temporaire-soigner-au-moyen-age-selon-hildegarde-de-bingen\/\" \/>\n<meta property=\"og:site_name\" content=\"Les Jardins de Sainte-Hildegarde\" \/>\n<meta property=\"article:published_time\" content=\"2022-05-20T13:49:07+00:00\" \/>\n<meta property=\"article:modified_time\" content=\"2026-04-27T13:00:21+00:00\" \/>\n<meta property=\"og:image\" content=\"https:\/\/www.lesjardinsdesaintehildegarde.com\/wp-content\/uploads\/2025\/03\/ateliers-abbaye-de-bon-repos.png\" \/>\n\t<meta property=\"og:image:width\" content=\"938\" \/>\n\t<meta property=\"og:image:height\" content=\"934\" \/>\n\t<meta property=\"og:image:type\" content=\"image\/png\" \/>\n<meta name=\"author\" content=\"hildegarde\" \/>\n<meta name=\"twitter:card\" content=\"summary_large_image\" \/>\n<meta name=\"twitter:label1\" content=\"Written by\" \/>\n\t<meta name=\"twitter:data1\" content=\"hildegarde\" \/>\n\t<meta name=\"twitter:label2\" content=\"Est. reading time\" \/>\n\t<meta name=\"twitter:data2\" content=\"2 minutes\" \/>\n<script type=\"application\/ld+json\" class=\"yoast-schema-graph\">{\"@context\":\"https:\\\/\\\/schema.org\",\"@graph\":[{\"@type\":\"Article\",\"@id\":\"https:\\\/\\\/www.lesjardinsdesaintehildegarde.com\\\/en\\\/du-1er-avril-au-30-septembre-et-du-17-octobre-au-31-octobre-2026-prolongation-de-lexposition-temporaire-soigner-au-moyen-age-selon-hildegarde-de-bingen\\\/#article\",\"isPartOf\":{\"@id\":\"https:\\\/\\\/www.lesjardinsdesaintehildegarde.com\\\/en\\\/du-1er-avril-au-30-septembre-et-du-17-octobre-au-31-octobre-2026-prolongation-de-lexposition-temporaire-soigner-au-moyen-age-selon-hildegarde-de-bingen\\\/\"},\"author\":{\"name\":\"hildegarde\",\"@id\":\"https:\\\/\\\/www.lesjardinsdesaintehildegarde.com\\\/en\\\/#\\\/schema\\\/person\\\/88a824d42fd21278c1cd6c84ca46a406\"},\"headline\":\"Du 1er avril au 30 septembre et du 17 octobre au 31 octobre 2026 &#8211; Prolongation de l&#8217;Exposition temporaire Soigner au Moyen-Age selon Hildegarde de Bingen\",\"datePublished\":\"2022-05-20T13:49:07+00:00\",\"dateModified\":\"2026-04-27T13:00:21+00:00\",\"mainEntityOfPage\":{\"@id\":\"https:\\\/\\\/www.lesjardinsdesaintehildegarde.com\\\/en\\\/du-1er-avril-au-30-septembre-et-du-17-octobre-au-31-octobre-2026-prolongation-de-lexposition-temporaire-soigner-au-moyen-age-selon-hildegarde-de-bingen\\\/\"},\"wordCount\":260,\"commentCount\":0,\"publisher\":{\"@id\":\"https:\\\/\\\/www.lesjardinsdesaintehildegarde.com\\\/en\\\/#organization\"},\"image\":{\"@id\":\"https:\\\/\\\/www.lesjardinsdesaintehildegarde.com\\\/en\\\/du-1er-avril-au-30-septembre-et-du-17-octobre-au-31-octobre-2026-prolongation-de-lexposition-temporaire-soigner-au-moyen-age-selon-hildegarde-de-bingen\\\/#primaryimage\"},\"thumbnailUrl\":\"https:\\\/\\\/www.lesjardinsdesaintehildegarde.com\\\/wp-content\\\/uploads\\\/2025\\\/03\\\/ateliers-abbaye-de-bon-repos.png\",\"articleSection\":[\"Autres \u00e9v\u00e8nements\",\"\u00c9v\u00e8nements\"],\"inLanguage\":\"en-US\",\"potentialAction\":[{\"@type\":\"CommentAction\",\"name\":\"Comment\",\"target\":[\"https:\\\/\\\/www.lesjardinsdesaintehildegarde.com\\\/en\\\/du-1er-avril-au-30-septembre-et-du-17-octobre-au-31-octobre-2026-prolongation-de-lexposition-temporaire-soigner-au-moyen-age-selon-hildegarde-de-bingen\\\/#respond\"]}]},{\"@type\":\"WebPage\",\"@id\":\"https:\\\/\\\/www.lesjardinsdesaintehildegarde.com\\\/en\\\/du-1er-avril-au-30-septembre-et-du-17-octobre-au-31-octobre-2026-prolongation-de-lexposition-temporaire-soigner-au-moyen-age-selon-hildegarde-de-bingen\\\/\",\"url\":\"https:\\\/\\\/www.lesjardinsdesaintehildegarde.com\\\/en\\\/du-1er-avril-au-30-septembre-et-du-17-octobre-au-31-octobre-2026-prolongation-de-lexposition-temporaire-soigner-au-moyen-age-selon-hildegarde-de-bingen\\\/\",\"name\":\"Du 1er avril au 30 septembre et du 17 octobre au 31 octobre 2026 - Prolongation de l'Exposition temporaire Soigner au Moyen-Age selon Hildegarde de Bingen - Les Jardins de Sainte-Hildegarde\",\"isPartOf\":{\"@id\":\"https:\\\/\\\/www.lesjardinsdesaintehildegarde.com\\\/en\\\/#website\"},\"primaryImageOfPage\":{\"@id\":\"https:\\\/\\\/www.lesjardinsdesaintehildegarde.com\\\/en\\\/du-1er-avril-au-30-septembre-et-du-17-octobre-au-31-octobre-2026-prolongation-de-lexposition-temporaire-soigner-au-moyen-age-selon-hildegarde-de-bingen\\\/#primaryimage\"},\"image\":{\"@id\":\"https:\\\/\\\/www.lesjardinsdesaintehildegarde.com\\\/en\\\/du-1er-avril-au-30-septembre-et-du-17-octobre-au-31-octobre-2026-prolongation-de-lexposition-temporaire-soigner-au-moyen-age-selon-hildegarde-de-bingen\\\/#primaryimage\"},\"thumbnailUrl\":\"https:\\\/\\\/www.lesjardinsdesaintehildegarde.com\\\/wp-content\\\/uploads\\\/2025\\\/03\\\/ateliers-abbaye-de-bon-repos.png\",\"datePublished\":\"2022-05-20T13:49:07+00:00\",\"dateModified\":\"2026-04-27T13:00:21+00:00\",\"breadcrumb\":{\"@id\":\"https:\\\/\\\/www.lesjardinsdesaintehildegarde.com\\\/en\\\/du-1er-avril-au-30-septembre-et-du-17-octobre-au-31-octobre-2026-prolongation-de-lexposition-temporaire-soigner-au-moyen-age-selon-hildegarde-de-bingen\\\/#breadcrumb\"},\"inLanguage\":\"en-US\",\"potentialAction\":[{\"@type\":\"ReadAction\",\"target\":[\"https:\\\/\\\/www.lesjardinsdesaintehildegarde.com\\\/en\\\/du-1er-avril-au-30-septembre-et-du-17-octobre-au-31-octobre-2026-prolongation-de-lexposition-temporaire-soigner-au-moyen-age-selon-hildegarde-de-bingen\\\/\"]}]},{\"@type\":\"ImageObject\",\"inLanguage\":\"en-US\",\"@id\":\"https:\\\/\\\/www.lesjardinsdesaintehildegarde.com\\\/en\\\/du-1er-avril-au-30-septembre-et-du-17-octobre-au-31-octobre-2026-prolongation-de-lexposition-temporaire-soigner-au-moyen-age-selon-hildegarde-de-bingen\\\/#primaryimage\",\"url\":\"https:\\\/\\\/www.lesjardinsdesaintehildegarde.com\\\/wp-content\\\/uploads\\\/2025\\\/03\\\/ateliers-abbaye-de-bon-repos.png\",\"contentUrl\":\"https:\\\/\\\/www.lesjardinsdesaintehildegarde.com\\\/wp-content\\\/uploads\\\/2025\\\/03\\\/ateliers-abbaye-de-bon-repos.png\",\"width\":938,\"height\":934},{\"@type\":\"BreadcrumbList\",\"@id\":\"https:\\\/\\\/www.lesjardinsdesaintehildegarde.com\\\/en\\\/du-1er-avril-au-30-septembre-et-du-17-octobre-au-31-octobre-2026-prolongation-de-lexposition-temporaire-soigner-au-moyen-age-selon-hildegarde-de-bingen\\\/#breadcrumb\",\"itemListElement\":[{\"@type\":\"ListItem\",\"position\":1,\"name\":\"Home\",\"item\":\"https:\\\/\\\/www.lesjardinsdesaintehildegarde.com\\\/en\\\/\"},{\"@type\":\"ListItem\",\"position\":2,\"name\":\"Du 1er avril au 30 septembre et du 17 octobre au 31 octobre 2026 &#8211; Prolongation de l&rsquo;Exposition temporaire Soigner au Moyen-Age selon Hildegarde de Bingen\"}]},{\"@type\":\"WebSite\",\"@id\":\"https:\\\/\\\/www.lesjardinsdesaintehildegarde.com\\\/en\\\/#website\",\"url\":\"https:\\\/\\\/www.lesjardinsdesaintehildegarde.com\\\/en\\\/\",\"name\":\"Les Jardins de Sainte-Hildegarde\",\"description\":\"Viriditas\",\"publisher\":{\"@id\":\"https:\\\/\\\/www.lesjardinsdesaintehildegarde.com\\\/en\\\/#organization\"},\"potentialAction\":[{\"@type\":\"SearchAction\",\"target\":{\"@type\":\"EntryPoint\",\"urlTemplate\":\"https:\\\/\\\/www.lesjardinsdesaintehildegarde.com\\\/en\\\/?s={search_term_string}\"},\"query-input\":{\"@type\":\"PropertyValueSpecification\",\"valueRequired\":true,\"valueName\":\"search_term_string\"}}],\"inLanguage\":\"en-US\"},{\"@type\":\"Organization\",\"@id\":\"https:\\\/\\\/www.lesjardinsdesaintehildegarde.com\\\/en\\\/#organization\",\"name\":\"Les Jardins de Sainte-Hildegarde\",\"url\":\"https:\\\/\\\/www.lesjardinsdesaintehildegarde.com\\\/en\\\/\",\"logo\":{\"@type\":\"ImageObject\",\"inLanguage\":\"en-US\",\"@id\":\"https:\\\/\\\/www.lesjardinsdesaintehildegarde.com\\\/en\\\/#\\\/schema\\\/logo\\\/image\\\/\",\"url\":\"https:\\\/\\\/www.lesjardinsdesaintehildegarde.com\\\/wp-content\\\/uploads\\\/2022\\\/11\\\/logo-2022.png\",\"contentUrl\":\"https:\\\/\\\/www.lesjardinsdesaintehildegarde.com\\\/wp-content\\\/uploads\\\/2022\\\/11\\\/logo-2022.png\",\"width\":365,\"height\":90,\"caption\":\"Les Jardins de Sainte-Hildegarde\"},\"image\":{\"@id\":\"https:\\\/\\\/www.lesjardinsdesaintehildegarde.com\\\/en\\\/#\\\/schema\\\/logo\\\/image\\\/\"}},{\"@type\":\"Person\",\"@id\":\"https:\\\/\\\/www.lesjardinsdesaintehildegarde.com\\\/en\\\/#\\\/schema\\\/person\\\/88a824d42fd21278c1cd6c84ca46a406\",\"name\":\"hildegarde\"}]}<\/script>\n<!-- \/ Yoast SEO plugin. -->","yoast_head_json":{"title":"Du 1er avril au 30 septembre et du 17 octobre au 31 octobre 2026 - Prolongation de l'Exposition temporaire Soigner au Moyen-Age selon Hildegarde de Bingen - Les Jardins de Sainte-Hildegarde","robots":{"index":"index","follow":"follow","max-snippet":"max-snippet:-1","max-image-preview":"max-image-preview:large","max-video-preview":"max-video-preview:-1"},"canonical":"https:\/\/www.lesjardinsdesaintehildegarde.com\/en\/du-1er-avril-au-30-septembre-et-du-17-octobre-au-31-octobre-2026-prolongation-de-lexposition-temporaire-soigner-au-moyen-age-selon-hildegarde-de-bingen\/","og_locale":"en_US","og_type":"article","og_title":"Du 1er avril au 30 septembre et du 17 octobre au 31 octobre 2026 - Prolongation de l'Exposition temporaire Soigner au Moyen-Age selon Hildegarde de Bingen - Les Jardins de Sainte-Hildegarde","og_description":"Soigner au Moyen-Age selon Hildegarde de Bingen Prolongation Du 1er avril au 30 septembre et du 17 octobre au 31 octobre 2026 Retrouvez des produits des Jardins de sainte Hildegarde en vente sur place \u00a0 &nbsp; D\u2019avril \u00e0 octobre, initiez-vous aux pr\u00e9ceptes de l\u2019abbesse le temps d\u2019un atelier en compagnie de sp\u00e9cialistes de sainte Hildegarde. [&hellip;]","og_url":"https:\/\/www.lesjardinsdesaintehildegarde.com\/en\/du-1er-avril-au-30-septembre-et-du-17-octobre-au-31-octobre-2026-prolongation-de-lexposition-temporaire-soigner-au-moyen-age-selon-hildegarde-de-bingen\/","og_site_name":"Les Jardins de Sainte-Hildegarde","article_published_time":"2022-05-20T13:49:07+00:00","article_modified_time":"2026-04-27T13:00:21+00:00","og_image":[{"width":938,"height":934,"url":"https:\/\/www.lesjardinsdesaintehildegarde.com\/wp-content\/uploads\/2025\/03\/ateliers-abbaye-de-bon-repos.png","type":"image\/png"}],"author":"hildegarde","twitter_card":"summary_large_image","twitter_misc":{"Written by":"hildegarde","Est. reading time":"2 minutes"},"schema":{"@context":"https:\/\/schema.org","@graph":[{"@type":"Article","@id":"https:\/\/www.lesjardinsdesaintehildegarde.com\/en\/du-1er-avril-au-30-septembre-et-du-17-octobre-au-31-octobre-2026-prolongation-de-lexposition-temporaire-soigner-au-moyen-age-selon-hildegarde-de-bingen\/#article","isPartOf":{"@id":"https:\/\/www.lesjardinsdesaintehildegarde.com\/en\/du-1er-avril-au-30-septembre-et-du-17-octobre-au-31-octobre-2026-prolongation-de-lexposition-temporaire-soigner-au-moyen-age-selon-hildegarde-de-bingen\/"},"author":{"name":"hildegarde","@id":"https:\/\/www.lesjardinsdesaintehildegarde.com\/en\/#\/schema\/person\/88a824d42fd21278c1cd6c84ca46a406"},"headline":"Du 1er avril au 30 septembre et du 17 octobre au 31 octobre 2026 &#8211; Prolongation de l&#8217;Exposition temporaire Soigner au Moyen-Age selon Hildegarde de Bingen","datePublished":"2022-05-20T13:49:07+00:00","dateModified":"2026-04-27T13:00:21+00:00","mainEntityOfPage":{"@id":"https:\/\/www.lesjardinsdesaintehildegarde.com\/en\/du-1er-avril-au-30-septembre-et-du-17-octobre-au-31-octobre-2026-prolongation-de-lexposition-temporaire-soigner-au-moyen-age-selon-hildegarde-de-bingen\/"},"wordCount":260,"commentCount":0,"publisher":{"@id":"https:\/\/www.lesjardinsdesaintehildegarde.com\/en\/#organization"},"image":{"@id":"https:\/\/www.lesjardinsdesaintehildegarde.com\/en\/du-1er-avril-au-30-septembre-et-du-17-octobre-au-31-octobre-2026-prolongation-de-lexposition-temporaire-soigner-au-moyen-age-selon-hildegarde-de-bingen\/#primaryimage"},"thumbnailUrl":"https:\/\/www.lesjardinsdesaintehildegarde.com\/wp-content\/uploads\/2025\/03\/ateliers-abbaye-de-bon-repos.png","articleSection":["Autres \u00e9v\u00e8nements","\u00c9v\u00e8nements"],"inLanguage":"en-US","potentialAction":[{"@type":"CommentAction","name":"Comment","target":["https:\/\/www.lesjardinsdesaintehildegarde.com\/en\/du-1er-avril-au-30-septembre-et-du-17-octobre-au-31-octobre-2026-prolongation-de-lexposition-temporaire-soigner-au-moyen-age-selon-hildegarde-de-bingen\/#respond"]}]},{"@type":"WebPage","@id":"https:\/\/www.lesjardinsdesaintehildegarde.com\/en\/du-1er-avril-au-30-septembre-et-du-17-octobre-au-31-octobre-2026-prolongation-de-lexposition-temporaire-soigner-au-moyen-age-selon-hildegarde-de-bingen\/","url":"https:\/\/www.lesjardinsdesaintehildegarde.com\/en\/du-1er-avril-au-30-septembre-et-du-17-octobre-au-31-octobre-2026-prolongation-de-lexposition-temporaire-soigner-au-moyen-age-selon-hildegarde-de-bingen\/","name":"Du 1er avril au 30 septembre et du 17 octobre au 31 octobre 2026 - Prolongation de l'Exposition temporaire Soigner au Moyen-Age selon Hildegarde de Bingen - Les Jardins de Sainte-Hildegarde","isPartOf":{"@id":"https:\/\/www.lesjardinsdesaintehildegarde.com\/en\/#website"},"primaryImageOfPage":{"@id":"https:\/\/www.lesjardinsdesaintehildegarde.com\/en\/du-1er-avril-au-30-septembre-et-du-17-octobre-au-31-octobre-2026-prolongation-de-lexposition-temporaire-soigner-au-moyen-age-selon-hildegarde-de-bingen\/#primaryimage"},"image":{"@id":"https:\/\/www.lesjardinsdesaintehildegarde.com\/en\/du-1er-avril-au-30-septembre-et-du-17-octobre-au-31-octobre-2026-prolongation-de-lexposition-temporaire-soigner-au-moyen-age-selon-hildegarde-de-bingen\/#primaryimage"},"thumbnailUrl":"https:\/\/www.lesjardinsdesaintehildegarde.com\/wp-content\/uploads\/2025\/03\/ateliers-abbaye-de-bon-repos.png","datePublished":"2022-05-20T13:49:07+00:00","dateModified":"2026-04-27T13:00:21+00:00","breadcrumb":{"@id":"https:\/\/www.lesjardinsdesaintehildegarde.com\/en\/du-1er-avril-au-30-septembre-et-du-17-octobre-au-31-octobre-2026-prolongation-de-lexposition-temporaire-soigner-au-moyen-age-selon-hildegarde-de-bingen\/#breadcrumb"},"inLanguage":"en-US","potentialAction":[{"@type":"ReadAction","target":["https:\/\/www.lesjardinsdesaintehildegarde.com\/en\/du-1er-avril-au-30-septembre-et-du-17-octobre-au-31-octobre-2026-prolongation-de-lexposition-temporaire-soigner-au-moyen-age-selon-hildegarde-de-bingen\/"]}]},{"@type":"ImageObject","inLanguage":"en-US","@id":"https:\/\/www.lesjardinsdesaintehildegarde.com\/en\/du-1er-avril-au-30-septembre-et-du-17-octobre-au-31-octobre-2026-prolongation-de-lexposition-temporaire-soigner-au-moyen-age-selon-hildegarde-de-bingen\/#primaryimage","url":"https:\/\/www.lesjardinsdesaintehildegarde.com\/wp-content\/uploads\/2025\/03\/ateliers-abbaye-de-bon-repos.png","contentUrl":"https:\/\/www.lesjardinsdesaintehildegarde.com\/wp-content\/uploads\/2025\/03\/ateliers-abbaye-de-bon-repos.png","width":938,"height":934},{"@type":"BreadcrumbList","@id":"https:\/\/www.lesjardinsdesaintehildegarde.com\/en\/du-1er-avril-au-30-septembre-et-du-17-octobre-au-31-octobre-2026-prolongation-de-lexposition-temporaire-soigner-au-moyen-age-selon-hildegarde-de-bingen\/#breadcrumb","itemListElement":[{"@type":"ListItem","position":1,"name":"Home","item":"https:\/\/www.lesjardinsdesaintehildegarde.com\/en\/"},{"@type":"ListItem","position":2,"name":"Du 1er avril au 30 septembre et du 17 octobre au 31 octobre 2026 &#8211; Prolongation de l&rsquo;Exposition temporaire Soigner au Moyen-Age selon Hildegarde de Bingen"}]},{"@type":"WebSite","@id":"https:\/\/www.lesjardinsdesaintehildegarde.com\/en\/#website","url":"https:\/\/www.lesjardinsdesaintehildegarde.com\/en\/","name":"Les Jardins de Sainte-Hildegarde","description":"Viriditas","publisher":{"@id":"https:\/\/www.lesjardinsdesaintehildegarde.com\/en\/#organization"},"potentialAction":[{"@type":"SearchAction","target":{"@type":"EntryPoint","urlTemplate":"https:\/\/www.lesjardinsdesaintehildegarde.com\/en\/?s={search_term_string}"},"query-input":{"@type":"PropertyValueSpecification","valueRequired":true,"valueName":"search_term_string"}}],"inLanguage":"en-US"},{"@type":"Organization","@id":"https:\/\/www.lesjardinsdesaintehildegarde.com\/en\/#organization","name":"Les Jardins de Sainte-Hildegarde","url":"https:\/\/www.lesjardinsdesaintehildegarde.com\/en\/","logo":{"@type":"ImageObject","inLanguage":"en-US","@id":"https:\/\/www.lesjardinsdesaintehildegarde.com\/en\/#\/schema\/logo\/image\/","url":"https:\/\/www.lesjardinsdesaintehildegarde.com\/wp-content\/uploads\/2022\/11\/logo-2022.png","contentUrl":"https:\/\/www.lesjardinsdesaintehildegarde.com\/wp-content\/uploads\/2022\/11\/logo-2022.png","width":365,"height":90,"caption":"Les Jardins de Sainte-Hildegarde"},"image":{"@id":"https:\/\/www.lesjardinsdesaintehildegarde.com\/en\/#\/schema\/logo\/image\/"}},{"@type":"Person","@id":"https:\/\/www.lesjardinsdesaintehildegarde.com\/en\/#\/schema\/person\/88a824d42fd21278c1cd6c84ca46a406","name":"hildegarde"}]}},"_links":{"self":[{"href":"https:\/\/www.lesjardinsdesaintehildegarde.com\/en\/wp-json\/wp\/v2\/posts\/128892","targetHints":{"allow":["GET"]}}],"collection":[{"href":"https:\/\/www.lesjardinsdesaintehildegarde.com\/en\/wp-json\/wp\/v2\/posts"}],"about":[{"href":"https:\/\/www.lesjardinsdesaintehildegarde.com\/en\/wp-json\/wp\/v2\/types\/post"}],"author":[{"embeddable":true,"href":"https:\/\/www.lesjardinsdesaintehildegarde.com\/en\/wp-json\/wp\/v2\/users\/2"}],"replies":[{"embeddable":true,"href":"https:\/\/www.lesjardinsdesaintehildegarde.com\/en\/wp-json\/wp\/v2\/comments?post=128892"}],"version-history":[{"count":4,"href":"https:\/\/www.lesjardinsdesaintehildegarde.com\/en\/wp-json\/wp\/v2\/posts\/128892\/revisions"}],"predecessor-version":[{"id":158887,"href":"https:\/\/www.lesjardinsdesaintehildegarde.com\/en\/wp-json\/wp\/v2\/posts\/128892\/revisions\/158887"}],"wp:featuredmedia":[{"embeddable":true,"href":"https:\/\/www.lesjardinsdesaintehildegarde.com\/en\/wp-json\/wp\/v2\/media\/128903"}],"wp:attachment":[{"href":"https:\/\/www.lesjardinsdesaintehildegarde.com\/en\/wp-json\/wp\/v2\/media?parent=128892"}],"wp:term":[{"taxonomy":"category","embeddable":true,"href":"https:\/\/www.lesjardinsdesaintehildegarde.com\/en\/wp-json\/wp\/v2\/categories?post=128892"},{"taxonomy":"post_tag","embeddable":true,"href":"https:\/\/www.lesjardinsdesaintehildegarde.com\/en\/wp-json\/wp\/v2\/tags?post=128892"},{"taxonomy":"type_evenement","embeddable":true,"href":"https:\/\/www.lesjardinsdesaintehildegarde.com\/en\/wp-json\/wp\/v2\/type_evenement?post=128892"}],"curies":[{"name":"wp","href":"https:\/\/api.w.org\/{rel}","templated":true}]}}