{"id":79000,"date":"2023-11-29T10:55:33","date_gmt":"2023-11-29T09:55:33","guid":{"rendered":"https:\/\/www.lesjardinsdesaintehildegarde.com\/?p=79000"},"modified":"2023-11-29T11:04:40","modified_gmt":"2023-11-29T10:04:40","slug":"labbaye-deibingen-lieu-de-culte-et-de-memoire-de-sainte-hildegarde","status":"publish","type":"post","link":"https:\/\/www.lesjardinsdesaintehildegarde.com\/en\/labbaye-deibingen-lieu-de-culte-et-de-memoire-de-sainte-hildegarde\/","title":{"rendered":"L\u2019abbaye d\u2019Eibingen, lieu de culte et de m\u00e9moire de sainte Hildegarde"},"content":{"rendered":"<p>Pourquoi parle t\u2019on de sainte Hildegarde de Bingen alors que le lieu de m\u00e9moire et de p\u00e8lerinage se trouve \u00e0 Eibingen\u00a0?<\/p>\n<p>Sainte Hildegarde est d\u2019abord rentr\u00e9e au monast\u00e8re double de saint Disibod, puis lorsque la communaut\u00e9 de femmes est devenue trop importante, elle a d\u00e9plac\u00e9 sa communaut\u00e9 dans le monast\u00e8re de saint Rupert qui se trouvait sur les rives de la Nahe dans la commune de Bingen.<\/p>\n<p>Mais de nouveau, quelques ann\u00e9es plus tard, ce couvent devint trop \u00e9troit. Sainte Hildegarde d\u00e9cide alors de fonder un nouveau monast\u00e8re en plus de celui de saint Rupert. C\u2019est un ancien monast\u00e8re double situ\u00e9 non loin de l\u00e0, \u00e0 Eibingen qu\u2019elle choisit.<\/p>\n<p>Pour ces deux monast\u00e8res et communaut\u00e9s qui ob\u00e9issent \u00e0 la r\u00e8gle de saint Beno\u00eet, sainte Hildegarde lutte pour leur ind\u00e9pendance et leur autonomie. En effet, elle ne veut pas que les s\u0153urs soient soumises \u00e0 des autorit\u00e9s la\u00efques ou se retrouve sans prieur suite \u00e0 une \u00e9ventuelle brouille. Avec l\u2019assistance de l\u2019empereur, du pape et de l\u2019archev\u00eaque de Mayence, elle organise donc un statut particulier pour ces couvents.<\/p>\n<p>Le monast\u00e8re de Bingen ne sera cependant pas \u00e9pargn\u00e9 par la guerre de Trente Ans et sera d\u00e9truit par les Su\u00e9dois en 1632. Lorsque les s\u0153urs qui avaient fui reviennent quelques ann\u00e9es plus tard, elles trouvent uniquement des ruines impossibles \u00e0 restaurer. Elles se r\u00e9fugient donc dans le couvent d\u2019Eibingen, abandonnant pour toujours l\u2019\u00e9difice de Bingen.<\/p>\n<p>La deuxi\u00e8me fondation de sainte Hildegarde r\u00e9siste \u00e0 de nombreux fl\u00e9aux, mais les lois de s\u00e9cularisation du d\u00e9but du XIX\u00e8me si\u00e8cle s\u2019abattent sur le couvent et les s\u0153urs en sont chass\u00e9es. Cependant, gr\u00e2ce \u00e0 plusieurs pr\u00eatres de la commune d\u2019Eibingen, le culte et la m\u00e9moire de sainte Hildegarde se poursuivent.<\/p>\n<p>Lorsque l\u2019un de ces pr\u00eatres, \u00e9galement \u00e9v\u00eaque, est suspendu de ses fonctions suite \u00e0 des enjeux politiques, il trouve refuge chez le Prince Charles de L\u00f6wenstein-Wertheim-Rosenberg, \u00e0 qui il soumet le projet de fonder un nouveau monast\u00e8re \u00e0 Eibingen.<\/p>\n<p>Sensible \u00e0 la cause, le prince Charles fait de grands efforts personnels et financiers pour permettre la r\u00e9alisation du projet. C\u2019est en 1900 que la premi\u00e8re pierre du nouvel \u00e9difice est pos\u00e9. Entre temps, l\u2019\u00e9glise du b\u00e2timent d\u2019origine a \u00e9t\u00e9 reprise par la paroisse, c\u2019est l\u00e0 que sont aujourd\u2019hui gard\u00e9es les reliques de sainte Hildegarde.<\/p>\n<p>En 1904 le nouveau monast\u00e8re est achev\u00e9, et il est dot\u00e9 quelques ann\u00e9es apr\u00e8s de tous les privil\u00e8ges qu\u2019avait obtenu sainte Hildegarde pour ses premi\u00e8res fondations, ainsi, le couvent d\u00e9pend directement du pape et non de l\u2019\u00e9v\u00eaque local. C\u2019est une communaut\u00e9 b\u00e9n\u00e9dictine venue de Prague qui s\u2019installe dans les nouveaux b\u00e2timents.<\/p>\n<p>Durant la seconde Guerre Mondiale, les s\u0153urs sont de nouveau expuls\u00e9es de l\u2019abbaye, mais retrouvent rapidement les b\u00e2timents une fois la guerre termin\u00e9e.<\/p>\n<p>La communaut\u00e9 se compose aujourd\u2019hui de 48 s\u0153urs, et l\u2019une d\u2019elles est d\u00e9tach\u00e9e \u00e0 l\u2019\u00e9glise d\u2019Eibingen pour guider les touristes, p\u00e8lerins et fid\u00e8les sur les traces de sainte Hildegarde.<\/p>\n<p style=\"text-align: center;\">\u00a0<img loading=\"lazy\" decoding=\"async\" class=\"alignnone size-medium wp-image-79005\" src=\"https:\/\/www.lesjardinsdesaintehildegarde.com\/wp-content\/uploads\/2023\/11\/abbaye-einbingen-soeurs-300x126.jpg\" alt=\"\" width=\"300\" height=\"126\" srcset=\"https:\/\/www.lesjardinsdesaintehildegarde.com\/wp-content\/uploads\/2023\/11\/abbaye-einbingen-soeurs-300x126.jpg 300w, https:\/\/www.lesjardinsdesaintehildegarde.com\/wp-content\/uploads\/2023\/11\/abbaye-einbingen-soeurs-1024x430.jpg 1024w, https:\/\/www.lesjardinsdesaintehildegarde.com\/wp-content\/uploads\/2023\/11\/abbaye-einbingen-soeurs-768x323.jpg 768w, https:\/\/www.lesjardinsdesaintehildegarde.com\/wp-content\/uploads\/2023\/11\/abbaye-einbingen-soeurs-600x252.jpg 600w, https:\/\/www.lesjardinsdesaintehildegarde.com\/wp-content\/uploads\/2023\/11\/abbaye-einbingen-soeurs.jpg 1500w\" sizes=\"auto, (max-width: 300px) 100vw, 300px\" \/><\/p>\n<p>La communaut\u00e9 subvient \u00e0 ses besoins gr\u00e2ce \u00e0 divers travaux d\u2019artisanat et une activit\u00e9 d\u2019accueil de p\u00e8lerins en h\u00f4tellerie. La comm\u00e9moration annuelle de sainte Hildegarde, qui a lieu le 17 septembre est l\u2019occasion pour le couvent et l\u2019\u00e9glise de renouer des liens forts et de faire conna\u00eetre \u00e0 de nombreuses personnes l\u2019\u0153uvre de sainte Hildegarde de Bingen.<\/p>\n<p>On trouve sur le <a href=\"https:\/\/abtei-st-hildegard.de\/\" target=\"_blank\" rel=\"noopener\">site de l&#8217;abbaye <\/a>des explications d\u00e9taill\u00e9es sur leur histoire, mais aussi diverses photos documentaires.<\/p>\n","protected":false},"excerpt":{"rendered":"<p>Pourquoi parle t\u2019on de sainte Hildegarde de Bingen alors que le lieu de m\u00e9moire et de p\u00e8lerinage se trouve \u00e0 Eibingen\u00a0? Sainte Hildegarde est d\u2019abord rentr\u00e9e au monast\u00e8re double de saint Disibod, puis lorsque la communaut\u00e9 de femmes est devenue trop importante, elle a d\u00e9plac\u00e9 sa communaut\u00e9 dans le monast\u00e8re de saint Rupert qui se [&hellip;]<\/p>\n","protected":false},"author":2,"featured_media":79613,"comment_status":"open","ping_status":"open","sticky":false,"template":"","format":"standard","meta":{"_acf_changed":false,"_relevanssi_hide_post":"","_relevanssi_hide_content":"","_relevanssi_pin_for_all":"","_relevanssi_pin_keywords":"","_relevanssi_unpin_keywords":"","_relevanssi_related_keywords":"","_relevanssi_related_include_ids":"","_relevanssi_related_exclude_ids":"","_relevanssi_related_no_append":"","_relevanssi_related_not_related":"","_relevanssi_related_posts":"","_relevanssi_noindex_reason":"","footnotes":""},"categories":[50],"tags":[],"type_evenement":[],"class_list":["post-79000","post","type-post","status-publish","format-standard","has-post-thumbnail","hentry","category-actualites"],"acf":[],"yoast_head":"<!-- This site is optimized with the Yoast SEO plugin v27.4 - https:\/\/yoast.com\/product\/yoast-seo-wordpress\/ -->\n<title>L\u2019abbaye d\u2019Eibingen, lieu de culte et de m\u00e9moire de sainte Hildegarde - Les Jardins de Sainte-Hildegarde<\/title>\n<meta name=\"robots\" content=\"index, follow, max-snippet:-1, max-image-preview:large, max-video-preview:-1\" \/>\n<link rel=\"canonical\" href=\"https:\/\/www.lesjardinsdesaintehildegarde.com\/en\/labbaye-deibingen-lieu-de-culte-et-de-memoire-de-sainte-hildegarde\/\" \/>\n<meta property=\"og:locale\" content=\"en_US\" \/>\n<meta property=\"og:type\" content=\"article\" \/>\n<meta property=\"og:title\" content=\"L\u2019abbaye d\u2019Eibingen, lieu de culte et de m\u00e9moire de sainte Hildegarde - Les Jardins de Sainte-Hildegarde\" \/>\n<meta property=\"og:description\" content=\"Pourquoi parle t\u2019on de sainte Hildegarde de Bingen alors que le lieu de m\u00e9moire et de p\u00e8lerinage se trouve \u00e0 Eibingen\u00a0? Sainte Hildegarde est d\u2019abord rentr\u00e9e au monast\u00e8re double de saint Disibod, puis lorsque la communaut\u00e9 de femmes est devenue trop importante, elle a d\u00e9plac\u00e9 sa communaut\u00e9 dans le monast\u00e8re de saint Rupert qui se [&hellip;]\" \/>\n<meta property=\"og:url\" content=\"https:\/\/www.lesjardinsdesaintehildegarde.com\/en\/labbaye-deibingen-lieu-de-culte-et-de-memoire-de-sainte-hildegarde\/\" \/>\n<meta property=\"og:site_name\" content=\"Les Jardins de Sainte-Hildegarde\" \/>\n<meta property=\"article:published_time\" content=\"2023-11-29T09:55:33+00:00\" \/>\n<meta property=\"article:modified_time\" content=\"2023-11-29T10:04:40+00:00\" \/>\n<meta property=\"og:image\" content=\"https:\/\/www.lesjardinsdesaintehildegarde.com\/wp-content\/uploads\/2023\/11\/abbaye-e1701252268947.jpg\" \/>\n\t<meta property=\"og:image:width\" content=\"448\" \/>\n\t<meta property=\"og:image:height\" content=\"408\" \/>\n\t<meta property=\"og:image:type\" content=\"image\/jpeg\" \/>\n<meta name=\"author\" content=\"hildegarde\" \/>\n<meta name=\"twitter:card\" content=\"summary_large_image\" \/>\n<meta name=\"twitter:label1\" content=\"Written by\" \/>\n\t<meta name=\"twitter:data1\" content=\"hildegarde\" \/>\n\t<meta name=\"twitter:label2\" content=\"Est. reading time\" \/>\n\t<meta name=\"twitter:data2\" content=\"4 minutes\" \/>\n<script type=\"application\/ld+json\" class=\"yoast-schema-graph\">{\"@context\":\"https:\\\/\\\/schema.org\",\"@graph\":[{\"@type\":\"Article\",\"@id\":\"https:\\\/\\\/www.lesjardinsdesaintehildegarde.com\\\/en\\\/labbaye-deibingen-lieu-de-culte-et-de-memoire-de-sainte-hildegarde\\\/#article\",\"isPartOf\":{\"@id\":\"https:\\\/\\\/www.lesjardinsdesaintehildegarde.com\\\/en\\\/labbaye-deibingen-lieu-de-culte-et-de-memoire-de-sainte-hildegarde\\\/\"},\"author\":{\"name\":\"hildegarde\",\"@id\":\"https:\\\/\\\/www.lesjardinsdesaintehildegarde.com\\\/en\\\/#\\\/schema\\\/person\\\/88a824d42fd21278c1cd6c84ca46a406\"},\"headline\":\"L\u2019abbaye d\u2019Eibingen, lieu de culte et de m\u00e9moire de sainte Hildegarde\",\"datePublished\":\"2023-11-29T09:55:33+00:00\",\"dateModified\":\"2023-11-29T10:04:40+00:00\",\"mainEntityOfPage\":{\"@id\":\"https:\\\/\\\/www.lesjardinsdesaintehildegarde.com\\\/en\\\/labbaye-deibingen-lieu-de-culte-et-de-memoire-de-sainte-hildegarde\\\/\"},\"wordCount\":653,\"commentCount\":0,\"publisher\":{\"@id\":\"https:\\\/\\\/www.lesjardinsdesaintehildegarde.com\\\/en\\\/#organization\"},\"image\":{\"@id\":\"https:\\\/\\\/www.lesjardinsdesaintehildegarde.com\\\/en\\\/labbaye-deibingen-lieu-de-culte-et-de-memoire-de-sainte-hildegarde\\\/#primaryimage\"},\"thumbnailUrl\":\"https:\\\/\\\/www.lesjardinsdesaintehildegarde.com\\\/wp-content\\\/uploads\\\/2023\\\/11\\\/abbaye-e1701252268947.jpg\",\"articleSection\":[\"Actualit\u00e9s\"],\"inLanguage\":\"en-US\",\"potentialAction\":[{\"@type\":\"CommentAction\",\"name\":\"Comment\",\"target\":[\"https:\\\/\\\/www.lesjardinsdesaintehildegarde.com\\\/en\\\/labbaye-deibingen-lieu-de-culte-et-de-memoire-de-sainte-hildegarde\\\/#respond\"]}]},{\"@type\":\"WebPage\",\"@id\":\"https:\\\/\\\/www.lesjardinsdesaintehildegarde.com\\\/en\\\/labbaye-deibingen-lieu-de-culte-et-de-memoire-de-sainte-hildegarde\\\/\",\"url\":\"https:\\\/\\\/www.lesjardinsdesaintehildegarde.com\\\/en\\\/labbaye-deibingen-lieu-de-culte-et-de-memoire-de-sainte-hildegarde\\\/\",\"name\":\"L\u2019abbaye d\u2019Eibingen, lieu de culte et de m\u00e9moire de sainte Hildegarde - Les Jardins de Sainte-Hildegarde\",\"isPartOf\":{\"@id\":\"https:\\\/\\\/www.lesjardinsdesaintehildegarde.com\\\/en\\\/#website\"},\"primaryImageOfPage\":{\"@id\":\"https:\\\/\\\/www.lesjardinsdesaintehildegarde.com\\\/en\\\/labbaye-deibingen-lieu-de-culte-et-de-memoire-de-sainte-hildegarde\\\/#primaryimage\"},\"image\":{\"@id\":\"https:\\\/\\\/www.lesjardinsdesaintehildegarde.com\\\/en\\\/labbaye-deibingen-lieu-de-culte-et-de-memoire-de-sainte-hildegarde\\\/#primaryimage\"},\"thumbnailUrl\":\"https:\\\/\\\/www.lesjardinsdesaintehildegarde.com\\\/wp-content\\\/uploads\\\/2023\\\/11\\\/abbaye-e1701252268947.jpg\",\"datePublished\":\"2023-11-29T09:55:33+00:00\",\"dateModified\":\"2023-11-29T10:04:40+00:00\",\"breadcrumb\":{\"@id\":\"https:\\\/\\\/www.lesjardinsdesaintehildegarde.com\\\/en\\\/labbaye-deibingen-lieu-de-culte-et-de-memoire-de-sainte-hildegarde\\\/#breadcrumb\"},\"inLanguage\":\"en-US\",\"potentialAction\":[{\"@type\":\"ReadAction\",\"target\":[\"https:\\\/\\\/www.lesjardinsdesaintehildegarde.com\\\/en\\\/labbaye-deibingen-lieu-de-culte-et-de-memoire-de-sainte-hildegarde\\\/\"]}]},{\"@type\":\"ImageObject\",\"inLanguage\":\"en-US\",\"@id\":\"https:\\\/\\\/www.lesjardinsdesaintehildegarde.com\\\/en\\\/labbaye-deibingen-lieu-de-culte-et-de-memoire-de-sainte-hildegarde\\\/#primaryimage\",\"url\":\"https:\\\/\\\/www.lesjardinsdesaintehildegarde.com\\\/wp-content\\\/uploads\\\/2023\\\/11\\\/abbaye-e1701252268947.jpg\",\"contentUrl\":\"https:\\\/\\\/www.lesjardinsdesaintehildegarde.com\\\/wp-content\\\/uploads\\\/2023\\\/11\\\/abbaye-e1701252268947.jpg\",\"width\":448,\"height\":408,\"caption\":\"View from above of the Benedictine Abbey of St. Hildegard near Ruedesheim am Rhein \\\/ Germany in the Rheingau\"},{\"@type\":\"BreadcrumbList\",\"@id\":\"https:\\\/\\\/www.lesjardinsdesaintehildegarde.com\\\/en\\\/labbaye-deibingen-lieu-de-culte-et-de-memoire-de-sainte-hildegarde\\\/#breadcrumb\",\"itemListElement\":[{\"@type\":\"ListItem\",\"position\":1,\"name\":\"Home\",\"item\":\"https:\\\/\\\/www.lesjardinsdesaintehildegarde.com\\\/en\\\/\"},{\"@type\":\"ListItem\",\"position\":2,\"name\":\"L\u2019abbaye d\u2019Eibingen, lieu de culte et de m\u00e9moire de sainte Hildegarde\"}]},{\"@type\":\"WebSite\",\"@id\":\"https:\\\/\\\/www.lesjardinsdesaintehildegarde.com\\\/en\\\/#website\",\"url\":\"https:\\\/\\\/www.lesjardinsdesaintehildegarde.com\\\/en\\\/\",\"name\":\"Les Jardins de Sainte-Hildegarde\",\"description\":\"Viriditas\",\"publisher\":{\"@id\":\"https:\\\/\\\/www.lesjardinsdesaintehildegarde.com\\\/en\\\/#organization\"},\"potentialAction\":[{\"@type\":\"SearchAction\",\"target\":{\"@type\":\"EntryPoint\",\"urlTemplate\":\"https:\\\/\\\/www.lesjardinsdesaintehildegarde.com\\\/en\\\/?s={search_term_string}\"},\"query-input\":{\"@type\":\"PropertyValueSpecification\",\"valueRequired\":true,\"valueName\":\"search_term_string\"}}],\"inLanguage\":\"en-US\"},{\"@type\":\"Organization\",\"@id\":\"https:\\\/\\\/www.lesjardinsdesaintehildegarde.com\\\/en\\\/#organization\",\"name\":\"Les Jardins de Sainte-Hildegarde\",\"url\":\"https:\\\/\\\/www.lesjardinsdesaintehildegarde.com\\\/en\\\/\",\"logo\":{\"@type\":\"ImageObject\",\"inLanguage\":\"en-US\",\"@id\":\"https:\\\/\\\/www.lesjardinsdesaintehildegarde.com\\\/en\\\/#\\\/schema\\\/logo\\\/image\\\/\",\"url\":\"https:\\\/\\\/www.lesjardinsdesaintehildegarde.com\\\/wp-content\\\/uploads\\\/2022\\\/11\\\/logo-2022.png\",\"contentUrl\":\"https:\\\/\\\/www.lesjardinsdesaintehildegarde.com\\\/wp-content\\\/uploads\\\/2022\\\/11\\\/logo-2022.png\",\"width\":365,\"height\":90,\"caption\":\"Les Jardins de Sainte-Hildegarde\"},\"image\":{\"@id\":\"https:\\\/\\\/www.lesjardinsdesaintehildegarde.com\\\/en\\\/#\\\/schema\\\/logo\\\/image\\\/\"}},{\"@type\":\"Person\",\"@id\":\"https:\\\/\\\/www.lesjardinsdesaintehildegarde.com\\\/en\\\/#\\\/schema\\\/person\\\/88a824d42fd21278c1cd6c84ca46a406\",\"name\":\"hildegarde\"}]}<\/script>\n<!-- \/ Yoast SEO plugin. -->","yoast_head_json":{"title":"L\u2019abbaye d\u2019Eibingen, lieu de culte et de m\u00e9moire de sainte Hildegarde - Les Jardins de Sainte-Hildegarde","robots":{"index":"index","follow":"follow","max-snippet":"max-snippet:-1","max-image-preview":"max-image-preview:large","max-video-preview":"max-video-preview:-1"},"canonical":"https:\/\/www.lesjardinsdesaintehildegarde.com\/en\/labbaye-deibingen-lieu-de-culte-et-de-memoire-de-sainte-hildegarde\/","og_locale":"en_US","og_type":"article","og_title":"L\u2019abbaye d\u2019Eibingen, lieu de culte et de m\u00e9moire de sainte Hildegarde - Les Jardins de Sainte-Hildegarde","og_description":"Pourquoi parle t\u2019on de sainte Hildegarde de Bingen alors que le lieu de m\u00e9moire et de p\u00e8lerinage se trouve \u00e0 Eibingen\u00a0? Sainte Hildegarde est d\u2019abord rentr\u00e9e au monast\u00e8re double de saint Disibod, puis lorsque la communaut\u00e9 de femmes est devenue trop importante, elle a d\u00e9plac\u00e9 sa communaut\u00e9 dans le monast\u00e8re de saint Rupert qui se [&hellip;]","og_url":"https:\/\/www.lesjardinsdesaintehildegarde.com\/en\/labbaye-deibingen-lieu-de-culte-et-de-memoire-de-sainte-hildegarde\/","og_site_name":"Les Jardins de Sainte-Hildegarde","article_published_time":"2023-11-29T09:55:33+00:00","article_modified_time":"2023-11-29T10:04:40+00:00","og_image":[{"width":448,"height":408,"url":"https:\/\/www.lesjardinsdesaintehildegarde.com\/wp-content\/uploads\/2023\/11\/abbaye-e1701252268947.jpg","type":"image\/jpeg"}],"author":"hildegarde","twitter_card":"summary_large_image","twitter_misc":{"Written by":"hildegarde","Est. reading time":"4 minutes"},"schema":{"@context":"https:\/\/schema.org","@graph":[{"@type":"Article","@id":"https:\/\/www.lesjardinsdesaintehildegarde.com\/en\/labbaye-deibingen-lieu-de-culte-et-de-memoire-de-sainte-hildegarde\/#article","isPartOf":{"@id":"https:\/\/www.lesjardinsdesaintehildegarde.com\/en\/labbaye-deibingen-lieu-de-culte-et-de-memoire-de-sainte-hildegarde\/"},"author":{"name":"hildegarde","@id":"https:\/\/www.lesjardinsdesaintehildegarde.com\/en\/#\/schema\/person\/88a824d42fd21278c1cd6c84ca46a406"},"headline":"L\u2019abbaye d\u2019Eibingen, lieu de culte et de m\u00e9moire de sainte Hildegarde","datePublished":"2023-11-29T09:55:33+00:00","dateModified":"2023-11-29T10:04:40+00:00","mainEntityOfPage":{"@id":"https:\/\/www.lesjardinsdesaintehildegarde.com\/en\/labbaye-deibingen-lieu-de-culte-et-de-memoire-de-sainte-hildegarde\/"},"wordCount":653,"commentCount":0,"publisher":{"@id":"https:\/\/www.lesjardinsdesaintehildegarde.com\/en\/#organization"},"image":{"@id":"https:\/\/www.lesjardinsdesaintehildegarde.com\/en\/labbaye-deibingen-lieu-de-culte-et-de-memoire-de-sainte-hildegarde\/#primaryimage"},"thumbnailUrl":"https:\/\/www.lesjardinsdesaintehildegarde.com\/wp-content\/uploads\/2023\/11\/abbaye-e1701252268947.jpg","articleSection":["Actualit\u00e9s"],"inLanguage":"en-US","potentialAction":[{"@type":"CommentAction","name":"Comment","target":["https:\/\/www.lesjardinsdesaintehildegarde.com\/en\/labbaye-deibingen-lieu-de-culte-et-de-memoire-de-sainte-hildegarde\/#respond"]}]},{"@type":"WebPage","@id":"https:\/\/www.lesjardinsdesaintehildegarde.com\/en\/labbaye-deibingen-lieu-de-culte-et-de-memoire-de-sainte-hildegarde\/","url":"https:\/\/www.lesjardinsdesaintehildegarde.com\/en\/labbaye-deibingen-lieu-de-culte-et-de-memoire-de-sainte-hildegarde\/","name":"L\u2019abbaye d\u2019Eibingen, lieu de culte et de m\u00e9moire de sainte Hildegarde - Les Jardins de Sainte-Hildegarde","isPartOf":{"@id":"https:\/\/www.lesjardinsdesaintehildegarde.com\/en\/#website"},"primaryImageOfPage":{"@id":"https:\/\/www.lesjardinsdesaintehildegarde.com\/en\/labbaye-deibingen-lieu-de-culte-et-de-memoire-de-sainte-hildegarde\/#primaryimage"},"image":{"@id":"https:\/\/www.lesjardinsdesaintehildegarde.com\/en\/labbaye-deibingen-lieu-de-culte-et-de-memoire-de-sainte-hildegarde\/#primaryimage"},"thumbnailUrl":"https:\/\/www.lesjardinsdesaintehildegarde.com\/wp-content\/uploads\/2023\/11\/abbaye-e1701252268947.jpg","datePublished":"2023-11-29T09:55:33+00:00","dateModified":"2023-11-29T10:04:40+00:00","breadcrumb":{"@id":"https:\/\/www.lesjardinsdesaintehildegarde.com\/en\/labbaye-deibingen-lieu-de-culte-et-de-memoire-de-sainte-hildegarde\/#breadcrumb"},"inLanguage":"en-US","potentialAction":[{"@type":"ReadAction","target":["https:\/\/www.lesjardinsdesaintehildegarde.com\/en\/labbaye-deibingen-lieu-de-culte-et-de-memoire-de-sainte-hildegarde\/"]}]},{"@type":"ImageObject","inLanguage":"en-US","@id":"https:\/\/www.lesjardinsdesaintehildegarde.com\/en\/labbaye-deibingen-lieu-de-culte-et-de-memoire-de-sainte-hildegarde\/#primaryimage","url":"https:\/\/www.lesjardinsdesaintehildegarde.com\/wp-content\/uploads\/2023\/11\/abbaye-e1701252268947.jpg","contentUrl":"https:\/\/www.lesjardinsdesaintehildegarde.com\/wp-content\/uploads\/2023\/11\/abbaye-e1701252268947.jpg","width":448,"height":408,"caption":"View from above of the Benedictine Abbey of St. Hildegard near Ruedesheim am Rhein \/ Germany in the Rheingau"},{"@type":"BreadcrumbList","@id":"https:\/\/www.lesjardinsdesaintehildegarde.com\/en\/labbaye-deibingen-lieu-de-culte-et-de-memoire-de-sainte-hildegarde\/#breadcrumb","itemListElement":[{"@type":"ListItem","position":1,"name":"Home","item":"https:\/\/www.lesjardinsdesaintehildegarde.com\/en\/"},{"@type":"ListItem","position":2,"name":"L\u2019abbaye d\u2019Eibingen, lieu de culte et de m\u00e9moire de sainte Hildegarde"}]},{"@type":"WebSite","@id":"https:\/\/www.lesjardinsdesaintehildegarde.com\/en\/#website","url":"https:\/\/www.lesjardinsdesaintehildegarde.com\/en\/","name":"Les Jardins de Sainte-Hildegarde","description":"Viriditas","publisher":{"@id":"https:\/\/www.lesjardinsdesaintehildegarde.com\/en\/#organization"},"potentialAction":[{"@type":"SearchAction","target":{"@type":"EntryPoint","urlTemplate":"https:\/\/www.lesjardinsdesaintehildegarde.com\/en\/?s={search_term_string}"},"query-input":{"@type":"PropertyValueSpecification","valueRequired":true,"valueName":"search_term_string"}}],"inLanguage":"en-US"},{"@type":"Organization","@id":"https:\/\/www.lesjardinsdesaintehildegarde.com\/en\/#organization","name":"Les Jardins de Sainte-Hildegarde","url":"https:\/\/www.lesjardinsdesaintehildegarde.com\/en\/","logo":{"@type":"ImageObject","inLanguage":"en-US","@id":"https:\/\/www.lesjardinsdesaintehildegarde.com\/en\/#\/schema\/logo\/image\/","url":"https:\/\/www.lesjardinsdesaintehildegarde.com\/wp-content\/uploads\/2022\/11\/logo-2022.png","contentUrl":"https:\/\/www.lesjardinsdesaintehildegarde.com\/wp-content\/uploads\/2022\/11\/logo-2022.png","width":365,"height":90,"caption":"Les Jardins de Sainte-Hildegarde"},"image":{"@id":"https:\/\/www.lesjardinsdesaintehildegarde.com\/en\/#\/schema\/logo\/image\/"}},{"@type":"Person","@id":"https:\/\/www.lesjardinsdesaintehildegarde.com\/en\/#\/schema\/person\/88a824d42fd21278c1cd6c84ca46a406","name":"hildegarde"}]}},"_links":{"self":[{"href":"https:\/\/www.lesjardinsdesaintehildegarde.com\/en\/wp-json\/wp\/v2\/posts\/79000","targetHints":{"allow":["GET"]}}],"collection":[{"href":"https:\/\/www.lesjardinsdesaintehildegarde.com\/en\/wp-json\/wp\/v2\/posts"}],"about":[{"href":"https:\/\/www.lesjardinsdesaintehildegarde.com\/en\/wp-json\/wp\/v2\/types\/post"}],"author":[{"embeddable":true,"href":"https:\/\/www.lesjardinsdesaintehildegarde.com\/en\/wp-json\/wp\/v2\/users\/2"}],"replies":[{"embeddable":true,"href":"https:\/\/www.lesjardinsdesaintehildegarde.com\/en\/wp-json\/wp\/v2\/comments?post=79000"}],"version-history":[{"count":1,"href":"https:\/\/www.lesjardinsdesaintehildegarde.com\/en\/wp-json\/wp\/v2\/posts\/79000\/revisions"}],"predecessor-version":[{"id":79008,"href":"https:\/\/www.lesjardinsdesaintehildegarde.com\/en\/wp-json\/wp\/v2\/posts\/79000\/revisions\/79008"}],"wp:featuredmedia":[{"embeddable":true,"href":"https:\/\/www.lesjardinsdesaintehildegarde.com\/en\/wp-json\/wp\/v2\/media\/79613"}],"wp:attachment":[{"href":"https:\/\/www.lesjardinsdesaintehildegarde.com\/en\/wp-json\/wp\/v2\/media?parent=79000"}],"wp:term":[{"taxonomy":"category","embeddable":true,"href":"https:\/\/www.lesjardinsdesaintehildegarde.com\/en\/wp-json\/wp\/v2\/categories?post=79000"},{"taxonomy":"post_tag","embeddable":true,"href":"https:\/\/www.lesjardinsdesaintehildegarde.com\/en\/wp-json\/wp\/v2\/tags?post=79000"},{"taxonomy":"type_evenement","embeddable":true,"href":"https:\/\/www.lesjardinsdesaintehildegarde.com\/en\/wp-json\/wp\/v2\/type_evenement?post=79000"}],"curies":[{"name":"wp","href":"https:\/\/api.w.org\/{rel}","templated":true}]}}