{"id":166404,"date":"2026-08-31T17:03:20","date_gmt":"2026-08-31T15:03:20","guid":{"rendered":"https:\/\/www.lesjardinsdesaintehildegarde.com\/?p=166404"},"modified":"2026-08-31T17:04:34","modified_gmt":"2026-08-31T15:04:34","slug":"neuvaine-pour-la-fete-de-sainte-hildegarde","status":"publish","type":"post","link":"https:\/\/www.lesjardinsdesaintehildegarde.com\/es\/neuvaine-pour-la-fete-de-sainte-hildegarde\/","title":{"rendered":"A partir du 09 septembre 2026 &#8211; Neuvaine pour la f\u00eate de sainte Hildegarde"},"content":{"rendered":"<p>&nbsp;<\/p>\n<h2 class=\"isSelectedEnd\" style=\"text-align: center;\"><strong>Une neuvaine pour mieux conna\u00eetre Sainte Hildegarde<\/strong><\/h2>\n<p><img loading=\"lazy\" decoding=\"async\" class=\"alignnone size-full wp-image-166408 aligncenter\" src=\"https:\/\/www.lesjardinsdesaintehildegarde.com\/wp-content\/uploads\/2026\/08\/sainte-hildegarde-de-bingen-450x450-1.webp\" alt=\"\" width=\"300\" height=\"300\" srcset=\"https:\/\/www.lesjardinsdesaintehildegarde.com\/wp-content\/uploads\/2026\/08\/sainte-hildegarde-de-bingen-450x450-1.webp 300w, https:\/\/www.lesjardinsdesaintehildegarde.com\/wp-content\/uploads\/2026\/08\/sainte-hildegarde-de-bingen-450x450-1-150x150.webp 150w, https:\/\/www.lesjardinsdesaintehildegarde.com\/wp-content\/uploads\/2026\/08\/sainte-hildegarde-de-bingen-450x450-1-100x100.webp 100w\" sizes=\"auto, (max-width: 300px) 100vw, 300px\" \/><\/p>\n<p class=\"isSelectedEnd\">\u00c0 l\u2019occasion de la f\u00eate de Sainte Hildegarde de Bingen, le 17 septembre, nous vous invitons \u00e0 d\u00e9couvrir une neuvaine propos\u00e9e \u00a0par Yola Sarrat, conseill\u00e8re hildegardienne.<\/p>\n<p class=\"isSelectedEnd\">Pendant 9 jours, Yola vous propose un parcours autour de la vie de Sainte Hildegarde, pour apprendre \u00e0 mieux la conna\u00eetre et, \u00e0 travers son exemple, entrer plus profond\u00e9ment dans la communion des Saints.<\/p>\n<p class=\"isSelectedEnd\">Chaque jour, une pri\u00e8re et une m\u00e9ditation autour d&#8217;une parole de la Bible vous accompagneront dans ce cheminement.<\/p>\n<p class=\"isSelectedEnd\">\ud83c\udf3f Au fil des 9 jours :<br \/>\n\u2022 La naissance et l\u2019enfance de Sainte Hildegarde<br \/>\n\u2022 La vie monastique selon la r\u00e8gle de Saint Beno\u00eet<br \/>\n\u2022 \u00ab \u00c9cris ce que tu vois et entends ! \u00bb<br \/>\n\u2022 La musique et la pri\u00e8re<br \/>\n\u2022 La nature, don de Dieu<br \/>\n\u2022 Son activit\u00e9 proph\u00e9tique<br \/>\n\u2022 Les \u00e9preuves et la croix<br \/>\n\u2022 Sa canonisation et son Doctorat<br \/>\n\u2022 Son h\u00e9ritage vivant aujourd\u2019hui<\/p>\n<p class=\"isSelectedEnd\">Un beau temps pour prendre quelques minutes chaque jour, prier, d\u00e9couvrir Sainte Hildegarde et approfondir ce que son t\u00e9moignage peut encore nous transmettre aujourd\u2019hui.<\/p>\n<p class=\"isSelectedEnd\">\ud83d\udc49 Retrouvez la neuvaine sur <a href=\"http:\/\/urlr.me\/kDmwWq\" target=\"_blank\" rel=\"noopener\"><strong>Hozana<\/strong><\/a> et n\u2019h\u00e9sitez pas \u00e0 la partager autour de vous.<\/p>\n<p style=\"text-align: center;\"><em>\u00ab Je suis une plume l\u00e9g\u00e8re port\u00e9e par le souffle de Dieu. \u00bb<\/em><br \/>\n\u2014 Sainte Hildegarde de Bingen \ud83c\udf3f<\/p>\n","protected":false},"excerpt":{"rendered":"<p>&nbsp; Une neuvaine pour mieux conna\u00eetre Sainte Hildegarde \u00c0 l\u2019occasion de la f\u00eate de Sainte Hildegarde de Bingen, le 17 septembre, nous vous invitons \u00e0 d\u00e9couvrir une neuvaine propos\u00e9e \u00a0par Yola Sarrat, conseill\u00e8re hildegardienne. Pendant 9 jours, Yola vous propose un parcours autour de la vie de Sainte Hildegarde, pour apprendre \u00e0 mieux la conna\u00eetre [&hellip;]<\/p>\n","protected":false},"author":2,"featured_media":166408,"comment_status":"open","ping_status":"open","sticky":false,"template":"","format":"standard","meta":{"_acf_changed":false,"_relevanssi_hide_post":"","_relevanssi_hide_content":"","_relevanssi_pin_for_all":"","_relevanssi_pin_keywords":"","_relevanssi_unpin_keywords":"","_relevanssi_related_keywords":"","_relevanssi_related_include_ids":"","_relevanssi_related_exclude_ids":"","_relevanssi_related_no_append":"","_relevanssi_related_not_related":"","_relevanssi_related_posts":"","_relevanssi_noindex_reason":"","footnotes":""},"categories":[16,51],"tags":[],"type_evenement":[343],"class_list":["post-166404","post","type-post","status-publish","format-standard","has-post-thumbnail","hentry","category-autres-evenements","category-evenements","type_evenement-en-partenariat-avec-jsh"],"acf":[],"yoast_head":"<!-- This site is optimized with the Yoast SEO plugin v27.4 - https:\/\/yoast.com\/product\/yoast-seo-wordpress\/ -->\n<title>A partir du 09 septembre 2026 - Neuvaine pour la f\u00eate de sainte Hildegarde - Les Jardins de Sainte-Hildegarde<\/title>\n<meta name=\"robots\" content=\"index, follow, max-snippet:-1, max-image-preview:large, max-video-preview:-1\" \/>\n<link rel=\"canonical\" href=\"https:\/\/www.lesjardinsdesaintehildegarde.com\/es\/neuvaine-pour-la-fete-de-sainte-hildegarde\/\" \/>\n<meta property=\"og:locale\" content=\"es_ES\" \/>\n<meta property=\"og:type\" content=\"article\" \/>\n<meta property=\"og:title\" content=\"A partir du 09 septembre 2026 - Neuvaine pour la f\u00eate de sainte Hildegarde - Les Jardins de Sainte-Hildegarde\" \/>\n<meta property=\"og:description\" content=\"&nbsp; Une neuvaine pour mieux conna\u00eetre Sainte Hildegarde \u00c0 l\u2019occasion de la f\u00eate de Sainte Hildegarde de Bingen, le 17 septembre, nous vous invitons \u00e0 d\u00e9couvrir une neuvaine propos\u00e9e \u00a0par Yola Sarrat, conseill\u00e8re hildegardienne. Pendant 9 jours, Yola vous propose un parcours autour de la vie de Sainte Hildegarde, pour apprendre \u00e0 mieux la conna\u00eetre [&hellip;]\" \/>\n<meta property=\"og:url\" content=\"https:\/\/www.lesjardinsdesaintehildegarde.com\/es\/neuvaine-pour-la-fete-de-sainte-hildegarde\/\" \/>\n<meta property=\"og:site_name\" content=\"Les Jardins de Sainte-Hildegarde\" \/>\n<meta property=\"article:published_time\" content=\"2026-08-31T15:03:20+00:00\" \/>\n<meta property=\"article:modified_time\" content=\"2026-08-31T15:04:34+00:00\" \/>\n<meta property=\"og:image\" content=\"https:\/\/www.lesjardinsdesaintehildegarde.com\/wp-content\/uploads\/2026\/08\/sainte-hildegarde-de-bingen-450x450-1.webp\" \/>\n\t<meta property=\"og:image:width\" content=\"300\" \/>\n\t<meta property=\"og:image:height\" content=\"300\" \/>\n\t<meta property=\"og:image:type\" content=\"image\/webp\" \/>\n<meta name=\"author\" content=\"hildegarde\" \/>\n<meta name=\"twitter:card\" content=\"summary_large_image\" \/>\n<meta name=\"twitter:label1\" content=\"Escrito por\" \/>\n\t<meta name=\"twitter:data1\" content=\"hildegarde\" \/>\n\t<meta name=\"twitter:label2\" content=\"Tiempo de lectura\" \/>\n\t<meta name=\"twitter:data2\" content=\"2 minutos\" \/>\n<script type=\"application\/ld+json\" class=\"yoast-schema-graph\">{\"@context\":\"https:\\\/\\\/schema.org\",\"@graph\":[{\"@type\":\"Article\",\"@id\":\"https:\\\/\\\/www.lesjardinsdesaintehildegarde.com\\\/es\\\/neuvaine-pour-la-fete-de-sainte-hildegarde\\\/#article\",\"isPartOf\":{\"@id\":\"https:\\\/\\\/www.lesjardinsdesaintehildegarde.com\\\/es\\\/neuvaine-pour-la-fete-de-sainte-hildegarde\\\/\"},\"author\":{\"name\":\"hildegarde\",\"@id\":\"https:\\\/\\\/www.lesjardinsdesaintehildegarde.com\\\/es\\\/#\\\/schema\\\/person\\\/88a824d42fd21278c1cd6c84ca46a406\"},\"headline\":\"A partir du 09 septembre 2026 &#8211; Neuvaine pour la f\u00eate de sainte Hildegarde\",\"datePublished\":\"2026-08-31T15:03:20+00:00\",\"dateModified\":\"2026-08-31T15:04:34+00:00\",\"mainEntityOfPage\":{\"@id\":\"https:\\\/\\\/www.lesjardinsdesaintehildegarde.com\\\/es\\\/neuvaine-pour-la-fete-de-sainte-hildegarde\\\/\"},\"wordCount\":225,\"commentCount\":0,\"publisher\":{\"@id\":\"https:\\\/\\\/www.lesjardinsdesaintehildegarde.com\\\/es\\\/#organization\"},\"image\":{\"@id\":\"https:\\\/\\\/www.lesjardinsdesaintehildegarde.com\\\/es\\\/neuvaine-pour-la-fete-de-sainte-hildegarde\\\/#primaryimage\"},\"thumbnailUrl\":\"https:\\\/\\\/www.lesjardinsdesaintehildegarde.com\\\/wp-content\\\/uploads\\\/2026\\\/08\\\/sainte-hildegarde-de-bingen-450x450-1.webp\",\"articleSection\":[\"Autres \u00e9v\u00e8nements\",\"\u00c9v\u00e8nements\"],\"inLanguage\":\"es\",\"potentialAction\":[{\"@type\":\"CommentAction\",\"name\":\"Comment\",\"target\":[\"https:\\\/\\\/www.lesjardinsdesaintehildegarde.com\\\/es\\\/neuvaine-pour-la-fete-de-sainte-hildegarde\\\/#respond\"]}]},{\"@type\":\"WebPage\",\"@id\":\"https:\\\/\\\/www.lesjardinsdesaintehildegarde.com\\\/es\\\/neuvaine-pour-la-fete-de-sainte-hildegarde\\\/\",\"url\":\"https:\\\/\\\/www.lesjardinsdesaintehildegarde.com\\\/es\\\/neuvaine-pour-la-fete-de-sainte-hildegarde\\\/\",\"name\":\"A partir du 09 septembre 2026 - Neuvaine pour la f\u00eate de sainte Hildegarde - Les Jardins de Sainte-Hildegarde\",\"isPartOf\":{\"@id\":\"https:\\\/\\\/www.lesjardinsdesaintehildegarde.com\\\/es\\\/#website\"},\"primaryImageOfPage\":{\"@id\":\"https:\\\/\\\/www.lesjardinsdesaintehildegarde.com\\\/es\\\/neuvaine-pour-la-fete-de-sainte-hildegarde\\\/#primaryimage\"},\"image\":{\"@id\":\"https:\\\/\\\/www.lesjardinsdesaintehildegarde.com\\\/es\\\/neuvaine-pour-la-fete-de-sainte-hildegarde\\\/#primaryimage\"},\"thumbnailUrl\":\"https:\\\/\\\/www.lesjardinsdesaintehildegarde.com\\\/wp-content\\\/uploads\\\/2026\\\/08\\\/sainte-hildegarde-de-bingen-450x450-1.webp\",\"datePublished\":\"2026-08-31T15:03:20+00:00\",\"dateModified\":\"2026-08-31T15:04:34+00:00\",\"breadcrumb\":{\"@id\":\"https:\\\/\\\/www.lesjardinsdesaintehildegarde.com\\\/es\\\/neuvaine-pour-la-fete-de-sainte-hildegarde\\\/#breadcrumb\"},\"inLanguage\":\"es\",\"potentialAction\":[{\"@type\":\"ReadAction\",\"target\":[\"https:\\\/\\\/www.lesjardinsdesaintehildegarde.com\\\/es\\\/neuvaine-pour-la-fete-de-sainte-hildegarde\\\/\"]}]},{\"@type\":\"ImageObject\",\"inLanguage\":\"es\",\"@id\":\"https:\\\/\\\/www.lesjardinsdesaintehildegarde.com\\\/es\\\/neuvaine-pour-la-fete-de-sainte-hildegarde\\\/#primaryimage\",\"url\":\"https:\\\/\\\/www.lesjardinsdesaintehildegarde.com\\\/wp-content\\\/uploads\\\/2026\\\/08\\\/sainte-hildegarde-de-bingen-450x450-1.webp\",\"contentUrl\":\"https:\\\/\\\/www.lesjardinsdesaintehildegarde.com\\\/wp-content\\\/uploads\\\/2026\\\/08\\\/sainte-hildegarde-de-bingen-450x450-1.webp\",\"width\":300,\"height\":300},{\"@type\":\"BreadcrumbList\",\"@id\":\"https:\\\/\\\/www.lesjardinsdesaintehildegarde.com\\\/es\\\/neuvaine-pour-la-fete-de-sainte-hildegarde\\\/#breadcrumb\",\"itemListElement\":[{\"@type\":\"ListItem\",\"position\":1,\"name\":\"Inicio\",\"item\":\"https:\\\/\\\/www.lesjardinsdesaintehildegarde.com\\\/es\\\/\"},{\"@type\":\"ListItem\",\"position\":2,\"name\":\"A partir du 09 septembre 2026 &#8211; Neuvaine pour la f\u00eate de sainte Hildegarde\"}]},{\"@type\":\"WebSite\",\"@id\":\"https:\\\/\\\/www.lesjardinsdesaintehildegarde.com\\\/es\\\/#website\",\"url\":\"https:\\\/\\\/www.lesjardinsdesaintehildegarde.com\\\/es\\\/\",\"name\":\"Les Jardins de Sainte-Hildegarde\",\"description\":\"Viriditas\",\"publisher\":{\"@id\":\"https:\\\/\\\/www.lesjardinsdesaintehildegarde.com\\\/es\\\/#organization\"},\"potentialAction\":[{\"@type\":\"SearchAction\",\"target\":{\"@type\":\"EntryPoint\",\"urlTemplate\":\"https:\\\/\\\/www.lesjardinsdesaintehildegarde.com\\\/es\\\/?s={search_term_string}\"},\"query-input\":{\"@type\":\"PropertyValueSpecification\",\"valueRequired\":true,\"valueName\":\"search_term_string\"}}],\"inLanguage\":\"es\"},{\"@type\":\"Organization\",\"@id\":\"https:\\\/\\\/www.lesjardinsdesaintehildegarde.com\\\/es\\\/#organization\",\"name\":\"Les Jardins de Sainte-Hildegarde\",\"url\":\"https:\\\/\\\/www.lesjardinsdesaintehildegarde.com\\\/es\\\/\",\"logo\":{\"@type\":\"ImageObject\",\"inLanguage\":\"es\",\"@id\":\"https:\\\/\\\/www.lesjardinsdesaintehildegarde.com\\\/es\\\/#\\\/schema\\\/logo\\\/image\\\/\",\"url\":\"https:\\\/\\\/www.lesjardinsdesaintehildegarde.com\\\/wp-content\\\/uploads\\\/2022\\\/11\\\/logo-2022.png\",\"contentUrl\":\"https:\\\/\\\/www.lesjardinsdesaintehildegarde.com\\\/wp-content\\\/uploads\\\/2022\\\/11\\\/logo-2022.png\",\"width\":365,\"height\":90,\"caption\":\"Les Jardins de Sainte-Hildegarde\"},\"image\":{\"@id\":\"https:\\\/\\\/www.lesjardinsdesaintehildegarde.com\\\/es\\\/#\\\/schema\\\/logo\\\/image\\\/\"}},{\"@type\":\"Person\",\"@id\":\"https:\\\/\\\/www.lesjardinsdesaintehildegarde.com\\\/es\\\/#\\\/schema\\\/person\\\/88a824d42fd21278c1cd6c84ca46a406\",\"name\":\"hildegarde\"}]}<\/script>\n<!-- \/ Yoast SEO plugin. -->","yoast_head_json":{"title":"A partir du 09 septembre 2026 - Neuvaine pour la f\u00eate de sainte Hildegarde - Les Jardins de Sainte-Hildegarde","robots":{"index":"index","follow":"follow","max-snippet":"max-snippet:-1","max-image-preview":"max-image-preview:large","max-video-preview":"max-video-preview:-1"},"canonical":"https:\/\/www.lesjardinsdesaintehildegarde.com\/es\/neuvaine-pour-la-fete-de-sainte-hildegarde\/","og_locale":"es_ES","og_type":"article","og_title":"A partir du 09 septembre 2026 - Neuvaine pour la f\u00eate de sainte Hildegarde - Les Jardins de Sainte-Hildegarde","og_description":"&nbsp; Une neuvaine pour mieux conna\u00eetre Sainte Hildegarde \u00c0 l\u2019occasion de la f\u00eate de Sainte Hildegarde de Bingen, le 17 septembre, nous vous invitons \u00e0 d\u00e9couvrir une neuvaine propos\u00e9e \u00a0par Yola Sarrat, conseill\u00e8re hildegardienne. Pendant 9 jours, Yola vous propose un parcours autour de la vie de Sainte Hildegarde, pour apprendre \u00e0 mieux la conna\u00eetre [&hellip;]","og_url":"https:\/\/www.lesjardinsdesaintehildegarde.com\/es\/neuvaine-pour-la-fete-de-sainte-hildegarde\/","og_site_name":"Les Jardins de Sainte-Hildegarde","article_published_time":"2026-08-31T15:03:20+00:00","article_modified_time":"2026-08-31T15:04:34+00:00","og_image":[{"width":300,"height":300,"url":"https:\/\/www.lesjardinsdesaintehildegarde.com\/wp-content\/uploads\/2026\/08\/sainte-hildegarde-de-bingen-450x450-1.webp","type":"image\/webp"}],"author":"hildegarde","twitter_card":"summary_large_image","twitter_misc":{"Escrito por":"hildegarde","Tiempo de lectura":"2 minutos"},"schema":{"@context":"https:\/\/schema.org","@graph":[{"@type":"Article","@id":"https:\/\/www.lesjardinsdesaintehildegarde.com\/es\/neuvaine-pour-la-fete-de-sainte-hildegarde\/#article","isPartOf":{"@id":"https:\/\/www.lesjardinsdesaintehildegarde.com\/es\/neuvaine-pour-la-fete-de-sainte-hildegarde\/"},"author":{"name":"hildegarde","@id":"https:\/\/www.lesjardinsdesaintehildegarde.com\/es\/#\/schema\/person\/88a824d42fd21278c1cd6c84ca46a406"},"headline":"A partir du 09 septembre 2026 &#8211; Neuvaine pour la f\u00eate de sainte Hildegarde","datePublished":"2026-08-31T15:03:20+00:00","dateModified":"2026-08-31T15:04:34+00:00","mainEntityOfPage":{"@id":"https:\/\/www.lesjardinsdesaintehildegarde.com\/es\/neuvaine-pour-la-fete-de-sainte-hildegarde\/"},"wordCount":225,"commentCount":0,"publisher":{"@id":"https:\/\/www.lesjardinsdesaintehildegarde.com\/es\/#organization"},"image":{"@id":"https:\/\/www.lesjardinsdesaintehildegarde.com\/es\/neuvaine-pour-la-fete-de-sainte-hildegarde\/#primaryimage"},"thumbnailUrl":"https:\/\/www.lesjardinsdesaintehildegarde.com\/wp-content\/uploads\/2026\/08\/sainte-hildegarde-de-bingen-450x450-1.webp","articleSection":["Autres \u00e9v\u00e8nements","\u00c9v\u00e8nements"],"inLanguage":"es","potentialAction":[{"@type":"CommentAction","name":"Comment","target":["https:\/\/www.lesjardinsdesaintehildegarde.com\/es\/neuvaine-pour-la-fete-de-sainte-hildegarde\/#respond"]}]},{"@type":"WebPage","@id":"https:\/\/www.lesjardinsdesaintehildegarde.com\/es\/neuvaine-pour-la-fete-de-sainte-hildegarde\/","url":"https:\/\/www.lesjardinsdesaintehildegarde.com\/es\/neuvaine-pour-la-fete-de-sainte-hildegarde\/","name":"A partir du 09 septembre 2026 - Neuvaine pour la f\u00eate de sainte Hildegarde - Les Jardins de Sainte-Hildegarde","isPartOf":{"@id":"https:\/\/www.lesjardinsdesaintehildegarde.com\/es\/#website"},"primaryImageOfPage":{"@id":"https:\/\/www.lesjardinsdesaintehildegarde.com\/es\/neuvaine-pour-la-fete-de-sainte-hildegarde\/#primaryimage"},"image":{"@id":"https:\/\/www.lesjardinsdesaintehildegarde.com\/es\/neuvaine-pour-la-fete-de-sainte-hildegarde\/#primaryimage"},"thumbnailUrl":"https:\/\/www.lesjardinsdesaintehildegarde.com\/wp-content\/uploads\/2026\/08\/sainte-hildegarde-de-bingen-450x450-1.webp","datePublished":"2026-08-31T15:03:20+00:00","dateModified":"2026-08-31T15:04:34+00:00","breadcrumb":{"@id":"https:\/\/www.lesjardinsdesaintehildegarde.com\/es\/neuvaine-pour-la-fete-de-sainte-hildegarde\/#breadcrumb"},"inLanguage":"es","potentialAction":[{"@type":"ReadAction","target":["https:\/\/www.lesjardinsdesaintehildegarde.com\/es\/neuvaine-pour-la-fete-de-sainte-hildegarde\/"]}]},{"@type":"ImageObject","inLanguage":"es","@id":"https:\/\/www.lesjardinsdesaintehildegarde.com\/es\/neuvaine-pour-la-fete-de-sainte-hildegarde\/#primaryimage","url":"https:\/\/www.lesjardinsdesaintehildegarde.com\/wp-content\/uploads\/2026\/08\/sainte-hildegarde-de-bingen-450x450-1.webp","contentUrl":"https:\/\/www.lesjardinsdesaintehildegarde.com\/wp-content\/uploads\/2026\/08\/sainte-hildegarde-de-bingen-450x450-1.webp","width":300,"height":300},{"@type":"BreadcrumbList","@id":"https:\/\/www.lesjardinsdesaintehildegarde.com\/es\/neuvaine-pour-la-fete-de-sainte-hildegarde\/#breadcrumb","itemListElement":[{"@type":"ListItem","position":1,"name":"Inicio","item":"https:\/\/www.lesjardinsdesaintehildegarde.com\/es\/"},{"@type":"ListItem","position":2,"name":"A partir du 09 septembre 2026 &#8211; Neuvaine pour la f\u00eate de sainte Hildegarde"}]},{"@type":"WebSite","@id":"https:\/\/www.lesjardinsdesaintehildegarde.com\/es\/#website","url":"https:\/\/www.lesjardinsdesaintehildegarde.com\/es\/","name":"Les Jardins de Sainte-Hildegarde","description":"Viriditas","publisher":{"@id":"https:\/\/www.lesjardinsdesaintehildegarde.com\/es\/#organization"},"potentialAction":[{"@type":"SearchAction","target":{"@type":"EntryPoint","urlTemplate":"https:\/\/www.lesjardinsdesaintehildegarde.com\/es\/?s={search_term_string}"},"query-input":{"@type":"PropertyValueSpecification","valueRequired":true,"valueName":"search_term_string"}}],"inLanguage":"es"},{"@type":"Organization","@id":"https:\/\/www.lesjardinsdesaintehildegarde.com\/es\/#organization","name":"Les Jardins de Sainte-Hildegarde","url":"https:\/\/www.lesjardinsdesaintehildegarde.com\/es\/","logo":{"@type":"ImageObject","inLanguage":"es","@id":"https:\/\/www.lesjardinsdesaintehildegarde.com\/es\/#\/schema\/logo\/image\/","url":"https:\/\/www.lesjardinsdesaintehildegarde.com\/wp-content\/uploads\/2022\/11\/logo-2022.png","contentUrl":"https:\/\/www.lesjardinsdesaintehildegarde.com\/wp-content\/uploads\/2022\/11\/logo-2022.png","width":365,"height":90,"caption":"Les Jardins de Sainte-Hildegarde"},"image":{"@id":"https:\/\/www.lesjardinsdesaintehildegarde.com\/es\/#\/schema\/logo\/image\/"}},{"@type":"Person","@id":"https:\/\/www.lesjardinsdesaintehildegarde.com\/es\/#\/schema\/person\/88a824d42fd21278c1cd6c84ca46a406","name":"hildegarde"}]}},"_links":{"self":[{"href":"https:\/\/www.lesjardinsdesaintehildegarde.com\/es\/wp-json\/wp\/v2\/posts\/166404","targetHints":{"allow":["GET"]}}],"collection":[{"href":"https:\/\/www.lesjardinsdesaintehildegarde.com\/es\/wp-json\/wp\/v2\/posts"}],"about":[{"href":"https:\/\/www.lesjardinsdesaintehildegarde.com\/es\/wp-json\/wp\/v2\/types\/post"}],"author":[{"embeddable":true,"href":"https:\/\/www.lesjardinsdesaintehildegarde.com\/es\/wp-json\/wp\/v2\/users\/2"}],"replies":[{"embeddable":true,"href":"https:\/\/www.lesjardinsdesaintehildegarde.com\/es\/wp-json\/wp\/v2\/comments?post=166404"}],"version-history":[{"count":3,"href":"https:\/\/www.lesjardinsdesaintehildegarde.com\/es\/wp-json\/wp\/v2\/posts\/166404\/revisions"}],"predecessor-version":[{"id":166413,"href":"https:\/\/www.lesjardinsdesaintehildegarde.com\/es\/wp-json\/wp\/v2\/posts\/166404\/revisions\/166413"}],"wp:featuredmedia":[{"embeddable":true,"href":"https:\/\/www.lesjardinsdesaintehildegarde.com\/es\/wp-json\/wp\/v2\/media\/166408"}],"wp:attachment":[{"href":"https:\/\/www.lesjardinsdesaintehildegarde.com\/es\/wp-json\/wp\/v2\/media?parent=166404"}],"wp:term":[{"taxonomy":"category","embeddable":true,"href":"https:\/\/www.lesjardinsdesaintehildegarde.com\/es\/wp-json\/wp\/v2\/categories?post=166404"},{"taxonomy":"post_tag","embeddable":true,"href":"https:\/\/www.lesjardinsdesaintehildegarde.com\/es\/wp-json\/wp\/v2\/tags?post=166404"},{"taxonomy":"type_evenement","embeddable":true,"href":"https:\/\/www.lesjardinsdesaintehildegarde.com\/es\/wp-json\/wp\/v2\/type_evenement?post=166404"}],"curies":[{"name":"wp","href":"https:\/\/api.w.org\/{rel}","templated":true}]}}